{"id":31,"date":"2025-10-08T20:02:10","date_gmt":"2025-10-08T17:02:10","guid":{"rendered":"https:\/\/ajansnet.net\/index.php\/2025\/10\/08\/ajnet-8a3cc656cc15976e34ff6c1022938ee9\/"},"modified":"2025-10-08T20:08:06","modified_gmt":"2025-10-08T17:08:06","slug":"ajnet-8a3cc656cc15976e34ff6c1022938ee9","status":"publish","type":"post","link":"https:\/\/ajansnet.net\/index.php\/2025\/10\/08\/ajnet-8a3cc656cc15976e34ff6c1022938ee9\/","title":{"rendered":"Hakan Fidan&#8217;dan &#8216;Gazze&#8217; de\u011ferlendirmesi: Ate\u015fkes bug\u00fcn olabilir"},"content":{"rendered":"<h2>Hakan Fidan&#039;dan &#039;Gazze&#039; de\u011ferlendirmesi: Ate\u015fkes bug\u00fcn olabilir<\/h2>\n<p>Suriye&#039;de diplomasi \u00e7al\u0131\u015fmalar\u0131 h\u0131z kesmeden s\u00fcr\u00fcyor&#8230;<\/p>\n<p>D\u0131\u015fi\u015fleri Bakan\u0131 Hakan Fidan, Suriyeli mevkida\u015f\u0131 Esad Hasan \u015eeybani&#039;yi Ankara&#039;da konuk etti.<\/p>\n<p>\u0130ki isim kritik g\u00f6r\u00fc\u015fmenin ard\u0131ndan ortak bas\u0131n toplant\u0131s\u0131nda kameralar\u0131n kar\u015f\u0131s\u0131na ge\u00e7tiler.<\/p>\n<p>Buradaki a\u00e7\u0131klamalar\u0131nda kritik mesajlar veren Hakan Fidan&#039;\u0131n konu\u015fmas\u0131nda\u00a0&quot;Gazze&#039;de ate\u015fkes&quot; g\u00f6r\u00fc\u015fmeleri de yer ald\u0131.\u00a0<\/p>\n<p>&quot;Ba\u015fta rehinelerin b\u0131rak\u0131lmas\u0131 olmak \u00fczere ad\u0131mlar at\u0131lmas\u0131 gerekir. Gazze plan\u0131 geni\u015f bir plan ve \u00e7ok fazla konuyu i\u00e7eriyor.&quot; diyen Bakan Fidan, \u015fu s\u00f6zleri sarf etti:<\/p>\n<p>Hakan Fidan,\u00a0&quot;Suriye kendi \u00f6devlerini yerine getirdi\u011fi gibi b\u00f6lge \u00fclkeleri ve uluslararas\u0131 toplumda g\u00f6revlerini yerine getirmelidir.&quot; dedi.<\/p>\n<p>Fidan, &quot;Suriye&#039;nin b\u00f6lgedeki angajman\u0131 her ge\u00e7en g\u00fcn artarak g\u00fc\u00e7lenmekte ki bunun en son \u00f6rne\u011fini say\u0131n Suriye Cumhurba\u015fkan\u0131 Ahmed \u015eara&#039;n\u0131n Birle\u015fmi\u015f Milletler&#039;deki yapt\u0131\u011f\u0131 hitap oldu.&quot; ifadelerini kulland\u0131.<\/p>\n<p>\u0130srail&#039;in Suriye&#039;ye sald\u0131r\u0131lar\u0131 en \u00f6nemli sorunlardan biridir diyen Fidan, &quot;Suriye&#039;de huzur ve g\u00fcvenli\u011fin temini toprak b\u00fct\u00fcnl\u00fc\u011f\u00fc ile m\u00fcmk\u00fcn olacakt\u0131r. Suriye halk\u0131n\u0131n da uluslararas\u0131 toplumdan beklentisi \u0130srail&#039;in sald\u0131r\u0131lar\u0131na net \u015fekilde kar\u015f\u0131 \u00e7\u0131k\u0131lmas\u0131&quot; diye konu\u015ftu.<\/p>\n<p>&quot;B\u00f6l\u00fcc\u00fc bir g\u00fcndem takip eden SDG&#039;nin art\u0131k bu denklemden vazge\u00e7mesi gerekiyor.&quot; diyen Hakan Fidan, &quot;Bug\u00fcnk\u00fc g\u00f6r\u00fc\u015fmemizde 10 Mart mutabakat\u0131n\u0131n ivedilikle ve b\u00fct\u00fcn\u00fcyle hayata ge\u00e7irilmesi i\u00e7in at\u0131lacak ad\u0131mlar\u0131 konu\u015ftuk. Suriye&#039;nin g\u00fcvenli\u011fine kasteden unsurlar \u00fclkemiz i\u00e7in de g\u00fcvenlik tehdidi olu\u015fturmaktad\u0131r.&quot; ifadelerini kulland\u0131.<\/p>\n<p>Hasan \u015eeybani ise, Suriye halk\u0131n\u0131n T\u00fcrkiye&#039;nin deste\u011fini asla unutmayaca\u011f\u0131n\u0131 s\u00f6yledi.\u00a0<\/p>\n<p>\u015eeybani, &quot;Suriye anayasas\u0131 ve uluslararas\u0131 hukuk kapsam\u0131nda ad\u0131mlar ad\u0131mlar at\u0131ld\u0131. \u00dclkemizin toprak b\u00fct\u00fcnl\u00fc\u011f\u00fc esas\u0131n\u0131 vurgulam\u0131\u015f olduk. SDG ile bir seri diyaloglar ger\u00e7ekle\u015ftirdik. Tek \u00fclke ve tek ordu ve tek toprak olmas\u0131 i\u00e7indi. B\u00f6l\u00fcnmeye y\u00f6nelik her t\u00fcrl\u00fc giri\u015fime kar\u015f\u0131 oldu\u011fumuzu da ifade ettik. Bu ba\u011flamda \u0130srail hala g\u00fcvenli\u011fimizi tehdit ediyor.&quot; dedi.\u00a0<\/p>\n<p>\u0130srail&#039;in Suriye&#039;nin egemenli\u011fini ihlal etti\u011fini s\u00f6yleyen Fidan, \u015funlar\u0131 kaydetti:<\/p>\n<p>Suriye&#039;ye uygulanan yapt\u0131r\u0131mlar hakk\u0131nda da konu\u015fan Fidan, &quot;Uluslararas\u0131 toplumun \u00fcyeleri Suriye h\u00fck\u00fcmetinden beklentilerini her f\u0131rsatta dile getirmekteler. Suriye halk\u0131n\u0131n da uluslaras\u0131 toplumdan beklentileri var. Bu da \u0130srail&#039;in Suriye&#039;ye y\u00f6nelik sald\u0131r\u0131lar\u0131na kar\u015f\u0131 \u00e7\u0131k\u0131lmas\u0131.\u00a0<\/p>\n<p>Suriye&#039;de art\u0131k uluslararas\u0131 toplum ile i\u015fbirli\u011fine a\u00e7\u0131k bir y\u00f6netim i\u015f ba\u015f\u0131nda bulunmaktad\u0131r. Nas\u0131l ki Suriye uluslararas\u0131 toplumlar\u0131n kendisinden talep etti\u011fi \u00f6devleri yerine getiriyor ise uluslararas\u0131 toplumlar da Suriye\u2019ye kar\u015f\u0131 \u00f6devlerini yerine getirmeli, t\u00fcm yapt\u0131r\u0131mlar\u0131 kald\u0131rmal\u0131d\u0131r&quot; dedi.<\/p>\n<p><em><a href=\"https:\/\/www.ensonhaber.com\/gundem\/hakan-fidan-10-mart-mutabakati-ivedilikle-hayata-gecirilmeli\" target=\"_blank\" rel=\"nofollow noopener\">Kaynak<\/a><\/em><\/p>\n","protected":false},"excerpt":{"rendered":"<p>Hakan Fidan&#039;dan &#039;Gazze&#039; de\u011ferlendirmesi: Ate\u015fkes bug\u00fcn olabilir Suriye&#039;de diplomasi \u00e7al\u0131\u015fmalar\u0131 h\u0131z kesmeden s\u00fcr\u00fcyor&#8230; D\u0131\u015fi\u015fleri Bakan\u0131 Hakan Fidan, Suriyeli mevkida\u015f\u0131 Esad Hasan \u015eeybani&#039;yi Ankara&#039;da konuk etti. \u0130ki isim kritik g\u00f6r\u00fc\u015fmenin ard\u0131ndan ortak bas\u0131n toplant\u0131s\u0131nda kameralar\u0131n kar\u015f\u0131s\u0131na ge\u00e7tiler. Buradaki a\u00e7\u0131klamalar\u0131nda kritik mesajlar veren Hakan Fidan&#039;\u0131n konu\u015fmas\u0131nda\u00a0&quot;Gazze&#039;de ate\u015fkes&quot; g\u00f6r\u00fc\u015fmeleri de yer ald\u0131.\u00a0 &quot;Ba\u015fta rehinelerin b\u0131rak\u0131lmas\u0131 olmak \u00fczere ad\u0131mlar [&hellip;]<\/p>\n","protected":false},"author":1,"featured_media":40,"comment_status":"closed","ping_status":"closed","sticky":false,"template":"","format":"standard","meta":{"footnotes":""},"categories":[1],"tags":[],"class_list":["post-31","post","type-post","status-publish","format-standard","has-post-thumbnail","category-genel"],"_links":{"self":[{"href":"https:\/\/ajansnet.net\/index.php\/wp-json\/wp\/v2\/posts\/31","targetHints":{"allow":["GET"]}}],"collection":[{"href":"https:\/\/ajansnet.net\/index.php\/wp-json\/wp\/v2\/posts"}],"about":[{"href":"https:\/\/ajansnet.net\/index.php\/wp-json\/wp\/v2\/types\/post"}],"author":[{"embeddable":true,"href":"https:\/\/ajansnet.net\/index.php\/wp-json\/wp\/v2\/users\/1"}],"replies":[{"embeddable":true,"href":"https:\/\/ajansnet.net\/index.php\/wp-json\/wp\/v2\/comments?post=31"}],"version-history":[{"count":1,"href":"https:\/\/ajansnet.net\/index.php\/wp-json\/wp\/v2\/posts\/31\/revisions"}],"predecessor-version":[{"id":41,"href":"https:\/\/ajansnet.net\/index.php\/wp-json\/wp\/v2\/posts\/31\/revisions\/41"}],"wp:featuredmedia":[{"embeddable":true,"href":"https:\/\/ajansnet.net\/index.php\/wp-json\/wp\/v2\/media\/40"}],"wp:attachment":[{"href":"https:\/\/ajansnet.net\/index.php\/wp-json\/wp\/v2\/media?parent=31"}],"wp:term":[{"taxonomy":"category","embeddable":true,"href":"https:\/\/ajansnet.net\/index.php\/wp-json\/wp\/v2\/categories?post=31"},{"taxonomy":"post_tag","embeddable":true,"href":"https:\/\/ajansnet.net\/index.php\/wp-json\/wp\/v2\/tags?post=31"}],"curies":[{"name":"wp","href":"https:\/\/api.w.org\/{rel}","templated":true}]}}